{"id":42845,"date":"2026-09-01T11:36:26","date_gmt":"2026-09-01T09:36:26","guid":{"rendered":"https:\/\/jas.dk\/nicht-kategorisiert\/pulverbeschichtung-bei-jas\/"},"modified":"2026-09-01T11:37:11","modified_gmt":"2026-09-01T09:37:11","slug":"pulverbeschichtung-bei-jas","status":"publish","type":"post","link":"https:\/\/jas.dk\/de\/nicht-kategorisiert\/pulverbeschichtung-bei-jas\/","title":{"rendered":"Pulverbeschichtung bei JAS"},"content":{"rendered":"\n<p class=\"wp-block-paragraph\"><br\/>Bei JAS verf\u00fcgen wir \u00fcber eine eigene Pulverbeschichtungsanlage im Haus \u2013 und wir lackieren nicht nur unsere eigenen Produkte.<br\/><br\/> Wir bieten Pulverbeschichtung als Subunternehmer f\u00fcr Unternehmen an, die einen flexiblen Partner sowohl f\u00fcr Einzelauftr\u00e4ge, Kleinserien als auch f\u00fcr die kontinuierliche Produktion ben\u00f6tigen.<br\/><br\/> Da die Produktion unter einem Dach stattfindet, k\u00f6nnen wir die Qualit\u00e4t genau im Auge behalten und gleichzeitig flexibel auf sich \u00e4ndernde Bed\u00fcrfnisse reagieren.<br\/><br\/> Falls Sie Gegenst\u00e4nde haben, die pulverbeschichtet werden m\u00fcssen, besprechen wir gerne die verschiedenen M\u00f6glichkeiten mit Ihnen.<\/p>\n\n<p class=\"wp-block-paragraph\"><strong><em><a href=\"https:\/\/jas.dk\/de\/kontaktieren-sie-uns\/\" data-type=\"link\" data-id=\"https:\/\/jas.dk\/kontakt-os\/\">Kontaktieren Sie uns<\/a><\/em><\/strong><\/p>\n\n<figure class=\"wp-block-image size-large\"><a href=\"https:\/\/jas.dk\/wp-content\/uploads\/2026\/09\/JAS-Pulverlakering-til-industrielle-behov.jpg\"><img fetchpriority=\"high\" decoding=\"async\" width=\"1024\" height=\"683\" src=\"https:\/\/jas.dk\/wp-content\/uploads\/2026\/09\/JAS-Pulverlakering-til-industrielle-behov-1024x683.jpg\" alt=\"\" class=\"wp-image-42841\" srcset=\"https:\/\/jas.dk\/wp-content\/uploads\/2026\/09\/JAS-Pulverlakering-til-industrielle-behov-1024x683.jpg 1024w, https:\/\/jas.dk\/wp-content\/uploads\/2026\/09\/JAS-Pulverlakering-til-industrielle-behov-300x200.jpg 300w, https:\/\/jas.dk\/wp-content\/uploads\/2026\/09\/JAS-Pulverlakering-til-industrielle-behov-768x512.jpg 768w, https:\/\/jas.dk\/wp-content\/uploads\/2026\/09\/JAS-Pulverlakering-til-industrielle-behov-63x42.jpg 63w, https:\/\/jas.dk\/wp-content\/uploads\/2026\/09\/JAS-Pulverlakering-til-industrielle-behov-639x426.jpg 639w, https:\/\/jas.dk\/wp-content\/uploads\/2026\/09\/JAS-Pulverlakering-til-industrielle-behov.jpg 1500w\" sizes=\"(max-width: 1024px) 100vw, 1024px\" \/><\/a><\/figure>\n","protected":false},"excerpt":{"rendered":"<p>Bei JAS verf\u00fcgen wir \u00fcber eine eigene Pulverbeschichtungsanlage im Haus \u2013 und wir lackieren nicht nur unsere eigenen Produkte. Wir bieten Pulverbeschichtung als Subunternehmer f\u00fcr Unternehmen an, die einen flexiblen Partner sowohl f\u00fcr Einzelauftr\u00e4ge, Kleinserien als auch f\u00fcr die kontinuierliche Produktion ben\u00f6tigen. Da die Produktion unter einem Dach stattfindet, k\u00f6nnen wir die Qualit\u00e4t genau im [&hellip;]<\/p>\n","protected":false},"author":8,"featured_media":0,"comment_status":"open","ping_status":"open","sticky":false,"template":"","format":"standard","meta":{"_acf_changed":false,"site-sidebar-layout":"default","site-content-layout":"","ast-site-content-layout":"default","site-content-style":"default","site-sidebar-style":"default","ast-global-header-display":"","ast-banner-title-visibility":"","ast-main-header-display":"","ast-hfb-above-header-display":"","ast-hfb-below-header-display":"","ast-hfb-mobile-header-display":"","site-post-title":"","ast-breadcrumbs-content":"","ast-featured-img":"","footer-sml-layout":"","ast-disable-related-posts":"","theme-transparent-header-meta":"","adv-header-id-meta":"","stick-header-meta":"","header-above-stick-meta":"","header-main-stick-meta":"","header-below-stick-meta":"","astra-migrate-meta-layouts":"set","ast-page-background-enabled":"default","ast-page-background-meta":{"desktop":{"background-color":"","background-image":"","background-repeat":"repeat","background-position":"center center","background-size":"auto","background-attachment":"scroll","background-type":"","background-media":"","overlay-type":"","overlay-color":"","overlay-opacity":"","overlay-gradient":""},"tablet":{"background-color":"","background-image":"","background-repeat":"repeat","background-position":"center center","background-size":"auto","background-attachment":"scroll","background-type":"","background-media":"","overlay-type":"","overlay-color":"","overlay-opacity":"","overlay-gradient":""},"mobile":{"background-color":"","background-image":"","background-repeat":"repeat","background-position":"center center","background-size":"auto","background-attachment":"scroll","background-type":"","background-media":"","overlay-type":"","overlay-color":"","overlay-opacity":"","overlay-gradient":""}},"ast-content-background-meta":{"desktop":{"background-color":"var(--ast-global-color-5)","background-image":"","background-repeat":"repeat","background-position":"center center","background-size":"auto","background-attachment":"scroll","background-type":"","background-media":"","overlay-type":"","overlay-color":"","overlay-opacity":"","overlay-gradient":""},"tablet":{"background-color":"var(--ast-global-color-5)","background-image":"","background-repeat":"repeat","background-position":"center center","background-size":"auto","background-attachment":"scroll","background-type":"","background-media":"","overlay-type":"","overlay-color":"","overlay-opacity":"","overlay-gradient":""},"mobile":{"background-color":"var(--ast-global-color-5)","background-image":"","background-repeat":"repeat","background-position":"center center","background-size":"auto","background-attachment":"scroll","background-type":"","background-media":"","overlay-type":"","overlay-color":"","overlay-opacity":"","overlay-gradient":""}},"footnotes":""},"categories":[1],"tags":[],"class_list":["post-42845","post","type-post","status-publish","format-standard","hentry","category-posts"],"acf":[],"rttpg_featured_image_url":null,"rttpg_author":{"display_name":"William Hager","author_link":"https:\/\/jas.dk\/de\/author\/w-hager\/"},"rttpg_comment":0,"rttpg_category":"<a href=\"https:\/\/jas.dk\/category\/posts\/\" rel=\"category tag\">Posts<\/a>","rttpg_excerpt":"Bei JAS verf\u00fcgen wir \u00fcber eine eigene Pulverbeschichtungsanlage im Haus \u2013 und wir lackieren nicht nur unsere eigenen Produkte. Wir bieten Pulverbeschichtung als Subunternehmer f\u00fcr Unternehmen an, die einen flexiblen Partner sowohl f\u00fcr Einzelauftr\u00e4ge, Kleinserien als auch f\u00fcr die kontinuierliche Produktion ben\u00f6tigen. Da die Produktion unter einem Dach stattfindet, k\u00f6nnen wir die Qualit\u00e4t genau im...","_links":{"self":[{"href":"https:\/\/jas.dk\/de\/wp-json\/wp\/v2\/posts\/42845","targetHints":{"allow":["GET"]}}],"collection":[{"href":"https:\/\/jas.dk\/de\/wp-json\/wp\/v2\/posts"}],"about":[{"href":"https:\/\/jas.dk\/de\/wp-json\/wp\/v2\/types\/post"}],"author":[{"embeddable":true,"href":"https:\/\/jas.dk\/de\/wp-json\/wp\/v2\/users\/8"}],"replies":[{"embeddable":true,"href":"https:\/\/jas.dk\/de\/wp-json\/wp\/v2\/comments?post=42845"}],"version-history":[{"count":1,"href":"https:\/\/jas.dk\/de\/wp-json\/wp\/v2\/posts\/42845\/revisions"}],"predecessor-version":[{"id":42846,"href":"https:\/\/jas.dk\/de\/wp-json\/wp\/v2\/posts\/42845\/revisions\/42846"}],"wp:attachment":[{"href":"https:\/\/jas.dk\/de\/wp-json\/wp\/v2\/media?parent=42845"}],"wp:term":[{"taxonomy":"category","embeddable":true,"href":"https:\/\/jas.dk\/de\/wp-json\/wp\/v2\/categories?post=42845"},{"taxonomy":"post_tag","embeddable":true,"href":"https:\/\/jas.dk\/de\/wp-json\/wp\/v2\/tags?post=42845"}],"curies":[{"name":"wp","href":"https:\/\/api.w.org\/{rel}","templated":true}]}}